{"id":7021,"date":"2022-06-24T05:28:52","date_gmt":"2022-06-24T05:28:52","guid":{"rendered":"https:\/\/oliveroimpianti.it\/olivero-impianti-a-sencon-2022\/"},"modified":"2024-02-13T11:02:56","modified_gmt":"2024-02-13T11:02:56","slug":"olivero-impianti-au-salon-sencon-2022","status":"publish","type":"post","link":"https:\/\/oliveroimpianti.it\/fr\/olivero-impianti-au-salon-sencon-2022\/","title":{"rendered":"Olivero Impianti au salon sencon\u00a02022"},"content":{"rendered":"\n<p>Du 16 au 18&nbsp;juin&nbsp;2022, nous avons particip\u00e9 pour la deuxi\u00e8me ann\u00e9e cons\u00e9cutive au salon&nbsp;<a href=\"https:\/\/www.linkedin.com\/feed\/hashtag\/?keywords=sencon2022&amp;highlightedUpdateUrns=urn%3Ali%3Aactivity%3A6943165085133516801\">SENCON2022<\/a>. Olivero \u00e9tait l&rsquo;une des 15&nbsp;entreprises italiennes pr\u00e9sentes dans le pavillon Made in Italy organis\u00e9 et promu par <a href=\"https:\/\/www.linkedin.com\/company\/tp-p-africa\/\">TP&amp;P AFRICA<\/a> avec le patronage de la <a href=\"https:\/\/www.linkedin.com\/company\/cisao\/\">Chambre de commerce italo-s\u00e9n\u00e9galaise et ouest-africaine<\/a>.<\/p>\n\n\n\n<p>SENCON est le salon le plus important d&rsquo;Afrique de l&rsquo;Ouest et y avoir particip\u00e9 en tant qu&rsquo;acteur et repr\u00e9sentant du secteur italien de l&rsquo;automatisation est une source de fiert\u00e9 pour nous&nbsp;: en effet, le S\u00e9n\u00e9gal est un pays qui enregistre des taux de croissance tr\u00e8s importants, c&rsquo;est pourquoi en&nbsp;2018 nous avons ouvert notre premi\u00e8re agence bas\u00e9e \u00e0 Dakar, la capitale. Notre objectif est d&rsquo;accompagner et de contribuer au d\u00e9veloppement et \u00e0 l&rsquo;industrialisation du S\u00e9n\u00e9gal gr\u00e2ce \u00e0 notre savoir-faire et notre exp\u00e9rience en mati\u00e8re d&rsquo;automatisation et de robotique.<\/p>\n\n\n\n<p>Nous tenons donc \u00e0 remercier <a href=\"https:\/\/www.linkedin.com\/company\/tp-p-africa\/\">TP&amp;P AFRICA<\/a> d&rsquo;avoir organis\u00e9 un espace d\u00e9di\u00e9 aux entreprises italiennes, et en particulier le Premier Secr\u00e9taire de l&rsquo;Ambassade d&rsquo;Italie \u00e0 Dakar, M. Federico Bernardi, pour avoir visit\u00e9 notre stand et nous avoir apport\u00e9 sa reconnaissance.<\/p>\n\n\n<div class=\"gb-grid-wrapper gb-grid-wrapper-bfea8424\">\n<div class=\"gb-grid-column gb-grid-column-4d1708f6\"><div class=\"gb-container gb-container-4d1708f6\"><div class=\"gb-inside-container\">\n\n<figure class=\"wp-block-image size-large\"><img loading=\"lazy\" decoding=\"async\" width=\"1024\" height=\"768\" src=\"https:\/\/oliveroimpianti.it\/wp-content\/uploads\/2022\/06\/SENEGAL-PRINCIPALE-1-1024x768.jpg\" alt=\"\" class=\"wp-image-4514\" srcset=\"https:\/\/oliveroimpianti.it\/wp-content\/uploads\/2022\/06\/SENEGAL-PRINCIPALE-1-1024x768.jpg 1024w, https:\/\/oliveroimpianti.it\/wp-content\/uploads\/2022\/06\/SENEGAL-PRINCIPALE-1-600x450.jpg 600w, https:\/\/oliveroimpianti.it\/wp-content\/uploads\/2022\/06\/SENEGAL-PRINCIPALE-1-300x225.jpg 300w, https:\/\/oliveroimpianti.it\/wp-content\/uploads\/2022\/06\/SENEGAL-PRINCIPALE-1-768x576.jpg 768w, https:\/\/oliveroimpianti.it\/wp-content\/uploads\/2022\/06\/SENEGAL-PRINCIPALE-1-1600x1200.jpg 1600w, https:\/\/oliveroimpianti.it\/wp-content\/uploads\/2022\/06\/SENEGAL-PRINCIPALE-1-1536x1152.jpg 1536w, https:\/\/oliveroimpianti.it\/wp-content\/uploads\/2022\/06\/SENEGAL-PRINCIPALE-1-2048x1536.jpg 2048w\" sizes=\"(max-width: 1024px) 100vw, 1024px\" \/><\/figure>\n\n<\/div><\/div><\/div>\n\n<div class=\"gb-grid-column gb-grid-column-04bfd8cc\"><div class=\"gb-container gb-container-04bfd8cc\"><div class=\"gb-inside-container\">\n\n<figure class=\"wp-block-image size-large\"><img loading=\"lazy\" decoding=\"async\" width=\"1024\" height=\"768\" src=\"https:\/\/oliveroimpianti.it\/wp-content\/uploads\/2022\/09\/SENEGAL-2-1-1024x768.jpg\" alt=\"\" class=\"wp-image-4515\" srcset=\"https:\/\/oliveroimpianti.it\/wp-content\/uploads\/2022\/09\/SENEGAL-2-1-1024x768.jpg 1024w, https:\/\/oliveroimpianti.it\/wp-content\/uploads\/2022\/09\/SENEGAL-2-1-600x450.jpg 600w, https:\/\/oliveroimpianti.it\/wp-content\/uploads\/2022\/09\/SENEGAL-2-1-300x225.jpg 300w, https:\/\/oliveroimpianti.it\/wp-content\/uploads\/2022\/09\/SENEGAL-2-1-768x576.jpg 768w, https:\/\/oliveroimpianti.it\/wp-content\/uploads\/2022\/09\/SENEGAL-2-1-1600x1200.jpg 1600w, https:\/\/oliveroimpianti.it\/wp-content\/uploads\/2022\/09\/SENEGAL-2-1-1536x1152.jpg 1536w, https:\/\/oliveroimpianti.it\/wp-content\/uploads\/2022\/09\/SENEGAL-2-1-2048x1536.jpg 2048w\" sizes=\"(max-width: 1024px) 100vw, 1024px\" \/><\/figure>\n\n<\/div><\/div><\/div>\n<\/div>","protected":false},"excerpt":{"rendered":"<p>Du 16 au 18 juin 2022, nous avons particip\u00e9 pour la deuxi\u00e8me ann\u00e9e cons\u00e9cutive au salon SENCON2022, l&rsquo;exposition de r\u00e9f\u00e9rence en Afrique de l&rsquo;Ouest dans le secteur des machines, qui a lieu chaque ann\u00e9e au S\u00e9n\u00e9gal. Olivero \u00e9tait l&rsquo;une des 15 entreprises italiennes innovantes pr\u00e9sentes dans le pavillon Made in Italy.<\/p>\n","protected":false},"author":1,"featured_media":5879,"comment_status":"closed","ping_status":"closed","sticky":false,"template":"","format":"standard","meta":{"footnotes":""},"categories":[236,237],"tags":[244,245],"acf":[],"yoast_head":"<!-- This site is optimized with the Yoast SEO plugin v21.7 - https:\/\/yoast.com\/wordpress\/plugins\/seo\/ -->\n<title>Olivero Impianti au salon sencon\u00a02022<\/title>\n<meta name=\"description\" content=\"Olivero Impianti \u00e0 SENCON, le salon le plus important de l\u2019Afrique Occidentale en collaboration avec TP&amp;P AFRICA et la Chambre de Commerce Italo Senegalese\" \/>\n<meta name=\"robots\" content=\"index, follow, max-snippet:-1, max-image-preview:large, max-video-preview:-1\" \/>\n<link rel=\"canonical\" href=\"https:\/\/oliveroimpianti.it\/fr\/olivero-impianti-au-salon-sencon-2022\/\" \/>\n<meta property=\"og:locale\" content=\"fr_FR\" \/>\n<meta property=\"og:type\" content=\"article\" \/>\n<meta property=\"og:title\" content=\"Olivero Impianti au salon sencon\u00a02022\" \/>\n<meta property=\"og:description\" content=\"Olivero Impianti \u00e0 SENCON, le salon le plus important de l\u2019Afrique Occidentale en collaboration avec TP&amp;P AFRICA et la Chambre de Commerce Italo Senegalese\" \/>\n<meta property=\"og:url\" content=\"https:\/\/oliveroimpianti.it\/fr\/olivero-impianti-au-salon-sencon-2022\/\" \/>\n<meta property=\"og:site_name\" content=\"Olivero Impianti\" \/>\n<meta property=\"article:published_time\" content=\"2022-06-24T05:28:52+00:00\" \/>\n<meta property=\"article:modified_time\" content=\"2024-02-13T11:02:56+00:00\" \/>\n<meta property=\"og:image\" content=\"https:\/\/oliveroimpianti.it\/wp-content\/uploads\/2022\/06\/SENEGAL-PRINCIPALE-1-scaled.jpg\" \/>\n\t<meta property=\"og:image:width\" content=\"2560\" \/>\n\t<meta property=\"og:image:height\" content=\"1920\" \/>\n\t<meta property=\"og:image:type\" content=\"image\/jpeg\" \/>\n<meta name=\"author\" content=\"admin\" \/>\n<meta name=\"twitter:card\" content=\"summary_large_image\" \/>\n<meta name=\"twitter:label1\" content=\"\u00c9crit par\" \/>\n\t<meta name=\"twitter:data1\" content=\"admin\" \/>\n\t<meta name=\"twitter:label2\" content=\"Dur\u00e9e de lecture estim\u00e9e\" \/>\n\t<meta name=\"twitter:data2\" content=\"2 minutes\" \/>\n<script type=\"application\/ld+json\" class=\"yoast-schema-graph\">{\"@context\":\"https:\/\/schema.org\",\"@graph\":[{\"@type\":\"Article\",\"@id\":\"https:\/\/oliveroimpianti.it\/fr\/olivero-impianti-au-salon-sencon-2022\/#article\",\"isPartOf\":{\"@id\":\"https:\/\/oliveroimpianti.it\/fr\/olivero-impianti-au-salon-sencon-2022\/\"},\"author\":{\"name\":\"admin\",\"@id\":\"https:\/\/oliveroimpianti.it\/#\/schema\/person\/181fd96063e42c9a4cf3119a021728d8\"},\"headline\":\"Olivero Impianti au salon sencon\u00a02022\",\"datePublished\":\"2022-06-24T05:28:52+00:00\",\"dateModified\":\"2024-02-13T11:02:56+00:00\",\"mainEntityOfPage\":{\"@id\":\"https:\/\/oliveroimpianti.it\/fr\/olivero-impianti-au-salon-sencon-2022\/\"},\"wordCount\":201,\"publisher\":{\"@id\":\"https:\/\/oliveroimpianti.it\/#organization\"},\"keywords\":[\"SENCON\",\"TP&amp;P AFRICA\"],\"articleSection\":[\"Automazione industriale\",\"Robotica\"],\"inLanguage\":\"fr-FR\"},{\"@type\":\"WebPage\",\"@id\":\"https:\/\/oliveroimpianti.it\/fr\/olivero-impianti-au-salon-sencon-2022\/\",\"url\":\"https:\/\/oliveroimpianti.it\/fr\/olivero-impianti-au-salon-sencon-2022\/\",\"name\":\"Olivero Impianti au salon sencon\u00a02022\",\"isPartOf\":{\"@id\":\"https:\/\/oliveroimpianti.it\/#website\"},\"datePublished\":\"2022-06-24T05:28:52+00:00\",\"dateModified\":\"2024-02-13T11:02:56+00:00\",\"description\":\"Olivero Impianti \u00e0 SENCON, le salon le plus important de l\u2019Afrique Occidentale en collaboration avec TP&P AFRICA et la Chambre de Commerce Italo Senegalese\",\"breadcrumb\":{\"@id\":\"https:\/\/oliveroimpianti.it\/fr\/olivero-impianti-au-salon-sencon-2022\/#breadcrumb\"},\"inLanguage\":\"fr-FR\",\"potentialAction\":[{\"@type\":\"ReadAction\",\"target\":[\"https:\/\/oliveroimpianti.it\/fr\/olivero-impianti-au-salon-sencon-2022\/\"]}]},{\"@type\":\"BreadcrumbList\",\"@id\":\"https:\/\/oliveroimpianti.it\/fr\/olivero-impianti-au-salon-sencon-2022\/#breadcrumb\",\"itemListElement\":[{\"@type\":\"ListItem\",\"position\":1,\"name\":\"Home\",\"item\":\"https:\/\/oliveroimpianti.it\/fr\/\"},{\"@type\":\"ListItem\",\"position\":2,\"name\":\"Olivero Impianti au salon sencon\u00a02022\"}]},{\"@type\":\"WebSite\",\"@id\":\"https:\/\/oliveroimpianti.it\/#website\",\"url\":\"https:\/\/oliveroimpianti.it\/\",\"name\":\"Olivero Impianti\",\"description\":\"Automazioni industriali\",\"publisher\":{\"@id\":\"https:\/\/oliveroimpianti.it\/#organization\"},\"potentialAction\":[{\"@type\":\"SearchAction\",\"target\":{\"@type\":\"EntryPoint\",\"urlTemplate\":\"https:\/\/oliveroimpianti.it\/?s={search_term_string}\"},\"query-input\":\"required name=search_term_string\"}],\"inLanguage\":\"fr-FR\"},{\"@type\":\"Organization\",\"@id\":\"https:\/\/oliveroimpianti.it\/#organization\",\"name\":\"Olivero Impianti\",\"url\":\"https:\/\/oliveroimpianti.it\/\",\"logo\":{\"@type\":\"ImageObject\",\"inLanguage\":\"fr-FR\",\"@id\":\"https:\/\/oliveroimpianti.it\/#\/schema\/logo\/image\/\",\"url\":\"https:\/\/oliveroimpianti.it\/wp-content\/uploads\/2023\/11\/cropped-olivero-impianti-logo.png\",\"contentUrl\":\"https:\/\/oliveroimpianti.it\/wp-content\/uploads\/2023\/11\/cropped-olivero-impianti-logo.png\",\"width\":1977,\"height\":449,\"caption\":\"Olivero Impianti\"},\"image\":{\"@id\":\"https:\/\/oliveroimpianti.it\/#\/schema\/logo\/image\/\"}},{\"@type\":\"Person\",\"@id\":\"https:\/\/oliveroimpianti.it\/#\/schema\/person\/181fd96063e42c9a4cf3119a021728d8\",\"name\":\"admin\",\"image\":{\"@type\":\"ImageObject\",\"inLanguage\":\"fr-FR\",\"@id\":\"https:\/\/oliveroimpianti.it\/#\/schema\/person\/image\/\",\"url\":\"https:\/\/secure.gravatar.com\/avatar\/2687a50f5a06c00f1c38a77727ee8a22?s=96&d=mm&r=g\",\"contentUrl\":\"https:\/\/secure.gravatar.com\/avatar\/2687a50f5a06c00f1c38a77727ee8a22?s=96&d=mm&r=g\",\"caption\":\"admin\"},\"sameAs\":[\"https:\/\/oliveroimpianti.it\"],\"url\":\"https:\/\/oliveroimpianti.it\/fr\/author\/admin_phfvhdyk\/\"}]}<\/script>\n<!-- \/ Yoast SEO plugin. -->","yoast_head_json":{"title":"Olivero Impianti au salon sencon\u00a02022","description":"Olivero Impianti \u00e0 SENCON, le salon le plus important de l\u2019Afrique Occidentale en collaboration avec TP&P AFRICA et la Chambre de Commerce Italo Senegalese","robots":{"index":"index","follow":"follow","max-snippet":"max-snippet:-1","max-image-preview":"max-image-preview:large","max-video-preview":"max-video-preview:-1"},"canonical":"https:\/\/oliveroimpianti.it\/fr\/olivero-impianti-au-salon-sencon-2022\/","og_locale":"fr_FR","og_type":"article","og_title":"Olivero Impianti au salon sencon\u00a02022","og_description":"Olivero Impianti \u00e0 SENCON, le salon le plus important de l\u2019Afrique Occidentale en collaboration avec TP&P AFRICA et la Chambre de Commerce Italo Senegalese","og_url":"https:\/\/oliveroimpianti.it\/fr\/olivero-impianti-au-salon-sencon-2022\/","og_site_name":"Olivero Impianti","article_published_time":"2022-06-24T05:28:52+00:00","article_modified_time":"2024-02-13T11:02:56+00:00","og_image":[{"width":2560,"height":1920,"url":"https:\/\/oliveroimpianti.it\/wp-content\/uploads\/2022\/06\/SENEGAL-PRINCIPALE-1-scaled.jpg","type":"image\/jpeg"}],"author":"admin","twitter_card":"summary_large_image","twitter_misc":{"\u00c9crit par":"admin","Dur\u00e9e de lecture estim\u00e9e":"2 minutes"},"schema":{"@context":"https:\/\/schema.org","@graph":[{"@type":"Article","@id":"https:\/\/oliveroimpianti.it\/fr\/olivero-impianti-au-salon-sencon-2022\/#article","isPartOf":{"@id":"https:\/\/oliveroimpianti.it\/fr\/olivero-impianti-au-salon-sencon-2022\/"},"author":{"name":"admin","@id":"https:\/\/oliveroimpianti.it\/#\/schema\/person\/181fd96063e42c9a4cf3119a021728d8"},"headline":"Olivero Impianti au salon sencon\u00a02022","datePublished":"2022-06-24T05:28:52+00:00","dateModified":"2024-02-13T11:02:56+00:00","mainEntityOfPage":{"@id":"https:\/\/oliveroimpianti.it\/fr\/olivero-impianti-au-salon-sencon-2022\/"},"wordCount":201,"publisher":{"@id":"https:\/\/oliveroimpianti.it\/#organization"},"keywords":["SENCON","TP&amp;P AFRICA"],"articleSection":["Automazione industriale","Robotica"],"inLanguage":"fr-FR"},{"@type":"WebPage","@id":"https:\/\/oliveroimpianti.it\/fr\/olivero-impianti-au-salon-sencon-2022\/","url":"https:\/\/oliveroimpianti.it\/fr\/olivero-impianti-au-salon-sencon-2022\/","name":"Olivero Impianti au salon sencon\u00a02022","isPartOf":{"@id":"https:\/\/oliveroimpianti.it\/#website"},"datePublished":"2022-06-24T05:28:52+00:00","dateModified":"2024-02-13T11:02:56+00:00","description":"Olivero Impianti \u00e0 SENCON, le salon le plus important de l\u2019Afrique Occidentale en collaboration avec TP&P AFRICA et la Chambre de Commerce Italo Senegalese","breadcrumb":{"@id":"https:\/\/oliveroimpianti.it\/fr\/olivero-impianti-au-salon-sencon-2022\/#breadcrumb"},"inLanguage":"fr-FR","potentialAction":[{"@type":"ReadAction","target":["https:\/\/oliveroimpianti.it\/fr\/olivero-impianti-au-salon-sencon-2022\/"]}]},{"@type":"BreadcrumbList","@id":"https:\/\/oliveroimpianti.it\/fr\/olivero-impianti-au-salon-sencon-2022\/#breadcrumb","itemListElement":[{"@type":"ListItem","position":1,"name":"Home","item":"https:\/\/oliveroimpianti.it\/fr\/"},{"@type":"ListItem","position":2,"name":"Olivero Impianti au salon sencon\u00a02022"}]},{"@type":"WebSite","@id":"https:\/\/oliveroimpianti.it\/#website","url":"https:\/\/oliveroimpianti.it\/","name":"Olivero Impianti","description":"Automazioni industriali","publisher":{"@id":"https:\/\/oliveroimpianti.it\/#organization"},"potentialAction":[{"@type":"SearchAction","target":{"@type":"EntryPoint","urlTemplate":"https:\/\/oliveroimpianti.it\/?s={search_term_string}"},"query-input":"required name=search_term_string"}],"inLanguage":"fr-FR"},{"@type":"Organization","@id":"https:\/\/oliveroimpianti.it\/#organization","name":"Olivero Impianti","url":"https:\/\/oliveroimpianti.it\/","logo":{"@type":"ImageObject","inLanguage":"fr-FR","@id":"https:\/\/oliveroimpianti.it\/#\/schema\/logo\/image\/","url":"https:\/\/oliveroimpianti.it\/wp-content\/uploads\/2023\/11\/cropped-olivero-impianti-logo.png","contentUrl":"https:\/\/oliveroimpianti.it\/wp-content\/uploads\/2023\/11\/cropped-olivero-impianti-logo.png","width":1977,"height":449,"caption":"Olivero Impianti"},"image":{"@id":"https:\/\/oliveroimpianti.it\/#\/schema\/logo\/image\/"}},{"@type":"Person","@id":"https:\/\/oliveroimpianti.it\/#\/schema\/person\/181fd96063e42c9a4cf3119a021728d8","name":"admin","image":{"@type":"ImageObject","inLanguage":"fr-FR","@id":"https:\/\/oliveroimpianti.it\/#\/schema\/person\/image\/","url":"https:\/\/secure.gravatar.com\/avatar\/2687a50f5a06c00f1c38a77727ee8a22?s=96&d=mm&r=g","contentUrl":"https:\/\/secure.gravatar.com\/avatar\/2687a50f5a06c00f1c38a77727ee8a22?s=96&d=mm&r=g","caption":"admin"},"sameAs":["https:\/\/oliveroimpianti.it"],"url":"https:\/\/oliveroimpianti.it\/fr\/author\/admin_phfvhdyk\/"}]}},"_links":{"self":[{"href":"https:\/\/oliveroimpianti.it\/fr\/wp-json\/wp\/v2\/posts\/7021"}],"collection":[{"href":"https:\/\/oliveroimpianti.it\/fr\/wp-json\/wp\/v2\/posts"}],"about":[{"href":"https:\/\/oliveroimpianti.it\/fr\/wp-json\/wp\/v2\/types\/post"}],"author":[{"embeddable":true,"href":"https:\/\/oliveroimpianti.it\/fr\/wp-json\/wp\/v2\/users\/1"}],"replies":[{"embeddable":true,"href":"https:\/\/oliveroimpianti.it\/fr\/wp-json\/wp\/v2\/comments?post=7021"}],"version-history":[{"count":3,"href":"https:\/\/oliveroimpianti.it\/fr\/wp-json\/wp\/v2\/posts\/7021\/revisions"}],"predecessor-version":[{"id":8550,"href":"https:\/\/oliveroimpianti.it\/fr\/wp-json\/wp\/v2\/posts\/7021\/revisions\/8550"}],"wp:featuredmedia":[{"embeddable":true,"href":"https:\/\/oliveroimpianti.it\/fr\/wp-json\/wp\/v2\/media\/5879"}],"wp:attachment":[{"href":"https:\/\/oliveroimpianti.it\/fr\/wp-json\/wp\/v2\/media?parent=7021"}],"wp:term":[{"taxonomy":"category","embeddable":true,"href":"https:\/\/oliveroimpianti.it\/fr\/wp-json\/wp\/v2\/categories?post=7021"},{"taxonomy":"post_tag","embeddable":true,"href":"https:\/\/oliveroimpianti.it\/fr\/wp-json\/wp\/v2\/tags?post=7021"}],"curies":[{"name":"wp","href":"https:\/\/api.w.org\/{rel}","templated":true}]}}